{"id":900,"date":"2020-04-15T05:34:13","date_gmt":"2020-04-15T05:34:13","guid":{"rendered":"http:\/\/en.fotoessa.gr\/?p=900"},"modified":"2023-02-24T10:21:19","modified_gmt":"2023-02-24T10:21:19","slug":"first-intercultural-citizenship-education-virtual-exchange-15-april-2020","status":"publish","type":"post","link":"https:\/\/en.fotoessa.gr\/index.php\/2020\/04\/15\/first-intercultural-citizenship-education-virtual-exchange-15-april-2020\/","title":{"rendered":"First Intercultural Citizenship Education Virtual Exchange \u2013 15 April 2020"},"content":{"rendered":"<p><span style=\"font-family: arial, helvetica, sans-serif; font-size: 14pt;\"><img loading=\"lazy\" decoding=\"async\" class=\"aligncenter size-full wp-image-902\" src=\"https:\/\/en.fotoessa.gr\/wp-content\/uploads\/2023\/02\/Tu.png\" alt=\"\" width=\"574\" height=\"572\" \/><\/span><\/p>\n<p>&nbsp;<\/p>\n<p><span style=\"font-family: arial, helvetica, sans-serif; font-size: 14pt;\">At times characterised by social distancing, the Anna Lindh Foundation organised the first Intercultural Citizenship Education Virtual Exchange, on the 15th of April from 11-12:30 CET.\u00a0<\/span><\/p>\n<p><span style=\"font-family: arial, helvetica, sans-serif; font-size: 14pt;\">The Virtual Exchange brought together a group of educators in the formal and non formal education sector who participated to the Regional Training for Trainers on Intercultural Citizenship Education organised by the ALF in November 2019 in Nicosia, Cyprus.\u00a0Greece was represented by Fotoessa member and ALF trainer, Aspasia Protogerou.<\/span><\/p>\n<p><span style=\"font-family: arial, helvetica, sans-serif; font-size: 14pt;\">The Virtual Exchange is conceived to offer educators from different Euro-Mediterranean countries\u00a0 a space to encourage discussion and reflection on how the current pandemic has affected the work of educators and to share ideas on how the pandemic\u2019s consequences on intercultural exchanges\/dialogue can be minimized.<\/span><\/p>\n<p><span style=\"font-family: arial, helvetica, sans-serif; font-size: 14pt;\">This meeting will build on the experience gathered by the ALF in developing and implementing technology-based virtual exchange activities for youth. This pilot will indicate the possibility of organising similar virtual meetings in the near future.<\/span><\/p>\n<p><span style=\"font-family: arial, helvetica, sans-serif; font-size: 14pt;\"><strong>Attendees:<\/strong><\/span><\/p>\n<p><span style=\"font-family: arial, helvetica, sans-serif; font-size: 14pt;\"><strong>\u00a0<\/strong><u>ALF trainers<\/u>: Laura Dewitte (Portugal), Noureddine Erradi (Belgium), Zeina Dbouk (Lebanon)<\/span><\/p>\n<p><span style=\"font-family: arial, helvetica, sans-serif; font-size: 14pt;\"><u>Educators<\/u>: Quentin De Behault (Belgium); Ivona \u010celebi\u010di\u0107 (Bosnia); Maja Vejzovic-Voloder (Bosnia); Nageh Hosni Ali Khalifa (Egypt); Nathalie Schoenberger (Germany); Aspasia Protogerou (Greece); Indraja Vaitkunaite (Lituania); Lahcen Tighoula (Morocco); Ghifar Wachofi (Morocco); Iman Al Heresh (Palestine); Monica Salas Corrigan (Portugal); Maria Cristina Santinho (Portugal); Tuula J\u00e4\u00e4skel\u00e4inen (Finland); Jacopo Cimmino\u00a0(Turkey);<\/span><\/p>\n<p><span style=\"font-family: arial, helvetica, sans-serif; font-size: 14pt;\"><strong>Chair of the meeting: <\/strong>Eleonora Insalaco &#8211; Head of Operations and Intercultural Research\u00a0 <strong>Moderator<\/strong>: Aissam Benaissa &#8211; Virtual Exchange Capacity Building Expert<strong>\u00a0<\/strong><\/span><\/p>\n<p><span style=\"font-family: arial, helvetica, sans-serif; font-size: 14pt;\"><strong>Rapporteurs:<\/strong> Johannes Jauhianen, Haitham Samy, Racha Omeyri<\/span><\/p>\n<p><span style=\"font-family: arial, helvetica, sans-serif; font-size: 14pt;\"><strong>About the Anna Lindh Foundation \u201cIntercultural Learning and Cities\u201d Program\u00a0<\/strong><\/span><\/p>\n<p><span style=\"font-family: arial, helvetica, sans-serif; font-size: 14pt;\">The \u201cIntercultural Learning and Cities\u201d Program is the fruit of a consultative and participatory process which started in 2010 with the ALF main partners, educators and experts in the field of education. Those stakeholders concurred on the need to conceive a regional education program to prepare people of the region, and youth in particular, to live and be active within multi-cultural societies.<\/span><\/p>\n<p><span style=\"font-family: arial, helvetica, sans-serif; font-size: 14pt;\">Following a series of expert meetings and conventions, the ALF, in consultation with over 300 educators, published the Anna Lindh Education Handbook on Intercultural Citizenship Education in the Euro-Mediterranean Region as the first tool to support regional capacity-buildings, education activities on the ground and orientate education policies.\u00a0<\/span><\/p>\n<p><span style=\"font-family: arial, helvetica, sans-serif; font-size: 14pt;\">For more information:\u00a0<a href=\"https:\/\/www.annalindhfoundation.org\/citizenship-handbook\">https:\/\/www.annalindhfoundation.org\/citizenship-handbook<\/a><\/span><\/p>\n","protected":false},"excerpt":{"rendered":"<p>&nbsp; At times characterised by social distancing, the Anna Lindh Foundation organised the first Intercultural Citizenship Education Virtual Exchange, on the 15th of April from 11-12:30 CET.\u00a0 The Virtual Exchange brought together a group of educators in the formal and non formal education sector who participated to the Regional Training for Trainers on Intercultural Citizenship<\/p>\n<p class=\"more-link\"><a href=\"https:\/\/en.fotoessa.gr\/index.php\/2020\/04\/15\/first-intercultural-citizenship-education-virtual-exchange-15-april-2020\/\" class=\"themebutton2\">READ MORE<\/a><\/p>\n","protected":false},"author":1,"featured_media":901,"comment_status":"closed","ping_status":"closed","sticky":false,"template":"","format":"standard","meta":{"footnotes":""},"categories":[1],"tags":[],"class_list":["post-900","post","type-post","status-publish","format-standard","has-post-thumbnail","hentry","category-uncategorized"],"_links":{"self":[{"href":"https:\/\/en.fotoessa.gr\/index.php\/wp-json\/wp\/v2\/posts\/900","targetHints":{"allow":["GET"]}}],"collection":[{"href":"https:\/\/en.fotoessa.gr\/index.php\/wp-json\/wp\/v2\/posts"}],"about":[{"href":"https:\/\/en.fotoessa.gr\/index.php\/wp-json\/wp\/v2\/types\/post"}],"author":[{"embeddable":true,"href":"https:\/\/en.fotoessa.gr\/index.php\/wp-json\/wp\/v2\/users\/1"}],"replies":[{"embeddable":true,"href":"https:\/\/en.fotoessa.gr\/index.php\/wp-json\/wp\/v2\/comments?post=900"}],"version-history":[{"count":3,"href":"https:\/\/en.fotoessa.gr\/index.php\/wp-json\/wp\/v2\/posts\/900\/revisions"}],"predecessor-version":[{"id":908,"href":"https:\/\/en.fotoessa.gr\/index.php\/wp-json\/wp\/v2\/posts\/900\/revisions\/908"}],"wp:featuredmedia":[{"embeddable":true,"href":"https:\/\/en.fotoessa.gr\/index.php\/wp-json\/wp\/v2\/media\/901"}],"wp:attachment":[{"href":"https:\/\/en.fotoessa.gr\/index.php\/wp-json\/wp\/v2\/media?parent=900"}],"wp:term":[{"taxonomy":"category","embeddable":true,"href":"https:\/\/en.fotoessa.gr\/index.php\/wp-json\/wp\/v2\/categories?post=900"},{"taxonomy":"post_tag","embeddable":true,"href":"https:\/\/en.fotoessa.gr\/index.php\/wp-json\/wp\/v2\/tags?post=900"}],"curies":[{"name":"wp","href":"https:\/\/api.w.org\/{rel}","templated":true}]}}